{"id":3369,"date":"2013-07-14T19:02:05","date_gmt":"2013-07-14T19:02:05","guid":{"rendered":"http:\/\/ancestry.smars.se\/?p=3369"},"modified":"2013-12-19T21:01:59","modified_gmt":"2013-12-19T21:01:59","slug":"ancestry-of-sofia-johansdotter","status":"publish","type":"post","link":"https:\/\/ancestry.smars.se\/?p=3369","title":{"rendered":"Ancestry of Sofia Johansdotter"},"content":{"rendered":"<p><em>Picture above: Vireda parish village where the old little cottage to the right is very old and most certainly was visited by Sofias ancestors through the years.<\/em><\/p>\n<p>Sofias Mother: Stina Lisa Carlsdotter (20 Sept 1811-1897)- Sofias father:\u00a0<a href=\"http:\/\/interactive.ancestry.com\/2225\/IJ-1468_971__6-003200_3?backurl=http%3a%2f%2fsearch.ancestry.com%2fsearch%2fdb.aspx%3fdbid%3d2225%26path%3d&amp;ssrc=&amp;backlabel=ReturnBrowsing#?imageId=IJ-1468_971__6-031600_3\" target=\"_blank\">Johan Samuelsson S\u00f6t\u00e5sa Norrg\u00e5rd<\/a>\u00a0(29\/9 1813 -) His father and Sofias grand-father was Samuel Johansson 12 April 1787.<\/p>\n<p><a href=\"wp-content\/uploads\/2013\/07\/Johan-Samuelsson-och-Stina-Lisa-Larsdotter-och-Sofia-kanske.jpg\"><img loading=\"lazy\" decoding=\"async\" title=\"Johan Samuelsson and Stina Lisa Carlsdotter with - maybe Sofia?\" alt=\"Johan Samuelsson och Stina Lisa Larsdotter och Sofia kanske\" src=\"wp-content\/uploads\/2013\/07\/Johan-Samuelsson-och-Stina-Lisa-Larsdotter-och-Sofia-kanske.jpg\" width=\"111\" height=\"166\" \/><\/a><\/p>\n<p>Johan and Stina-Lisa Samuelsson lived in\u00a0<a href=\"https:\/\/maps.google.com\/maps\/ms?msid=202734398850949442153.0004d3448268161a5bfb1&amp;msa=0&amp;ll=58.813742,-9.84375&amp;spn=56.359961,158.027344&amp;iwloc=0004d4339baa3b861f9ac\" target=\"_blank\">S\u00f6t\u00e5sa Northern farm<\/a><\/p>\n<p>Sofias mothers mother: Lisa Johansdotter-Hagstr\u00f6m 1784 &#8211;<\/p>\n<p>Mothers mothers mother: Maria Jaensdotter Hagstr\u00f6m 7 Jan 1747- (ArkivDigital Vireda Births Churchbooks AID:v36508.b196.s403)<\/p>\n<p>Mothers mothers mothers mother: Britta Johansdotter- Roth &#8211; Korp<strong>\u00a0<\/strong>Born<strong>\u00a0<\/strong>29 dec 1702 -(AID:\u00a0v36507.b126.s275??)\u00a0&#8211; married to Jaen Hagstr\u00f6m Olofsson in Elmberg, Vireda 6 Dec 1743 (AID:v36508.b130.s271)<\/p>\n<p>????? Mothers mothers mothers mothers mother: Anna\u00a0<strong>Roth <\/strong>Jonsdotter<strong>\u00a0<\/strong>from Elmberg\u00a01673 &#8211; 1743 April 10. She was married to &#8216;the rider&#8217; Johan Olofsson-Korp 7 April 1697 when she was 24 years old (AID:v36507.b194.s419). They had their first child Maria 28 febr (AID:1798.\u00a0v36507.b189.s409)<\/p>\n<p>Anna* Rooths father was <strong>Jonas<\/strong> <strong>Rooth*<\/strong>, cornett (1630-1678)- an officer, carrying the flag in the Military company. He was born 1630 during the 30-years of war (1618-1648) when Gustav II Adolf was creating a strong protestantic superpower in Europe.<\/p>\n<p>The contemporary TIMES OF Jonas Rooth- 1600s<\/p>\n<p><a href=\"wp-content\/uploads\/2013\/07\/250px-Gustav_II_Adolf_by_Merian.jpg\"><img loading=\"lazy\" decoding=\"async\" class=\"alignnone size-thumbnail wp-image-3638\" title=\"Gustav II Adolf -the father of Queen Kristina\" alt=\"250px-Gustav_II_Adolf_by_Merian\" src=\"wp-content\/uploads\/2013\/07\/250px-Gustav_II_Adolf_by_Merian-150x150.jpg\" width=\"150\" height=\"150\" \/><\/a> Gustav II Adolf diseased 1594-1632 in the Battle of L\u00fctzen and he was followed by his 6-year-old daughter Queen Kristina (1626 &#8211; 89)who was guided by the strong and skillful Chancellor Axel Oxenstierna in the wars and raised to be a knowledgable lady. She was an independent ruler from 1644.<\/p>\n<p>. <a href=\"wp-content\/uploads\/2013\/07\/Swedish_queen_Drottning_Kristina_portrait_by_S\u00e9bastien_Bourdon_stor-1.jpg\"><img loading=\"lazy\" decoding=\"async\" class=\"alignnone size-thumbnail wp-image-3637\" title=\"Queen Kristina - by Sebastian Bourdon\" alt=\"Swedish_queen_Drottning_Kristina_portrait_by_S\u00e9bastien_Bourdon_stor (1)\" src=\"wp-content\/uploads\/2013\/07\/Swedish_queen_Drottning_Kristina_portrait_by_S\u00e9bastien_Bourdon_stor-1-150x150.jpg\" width=\"150\" height=\"150\" \/><\/a><a href=\"wp-content\/uploads\/2013\/07\/S\u00e9bastien_Bourdons-Karl_X_Gustav-Kopia.jpg\"><img loading=\"lazy\" decoding=\"async\" class=\"alignnone size-thumbnail wp-image-3640\" title=\"Kristinas cousin: Karl X Gustav\" alt=\"S\u00e9bastien_Bourdons-Karl_X_Gustav - Kopia\" src=\"wp-content\/uploads\/2013\/07\/S\u00e9bastien_Bourdons-Karl_X_Gustav-Kopia-150x150.jpg\" width=\"150\" height=\"150\" \/><\/a>\u00a0She abdicated 27 years old (1653) to become a catholic and settled in Rome, the rulership was taken over by her cousin Carl X Gustav (1622-1660) who also was a successful war-leader. In a very eventful occation, he had his armies march over the frozen ices of \u00d6resund to Denmark and won the big victory of Roskilde where Sweden took Sk\u00e5ne (the southern part of Sweden) from\u00a0Denmark 1658. <a href=\"wp-content\/uploads\/2013\/07\/Scandinavia_1658.gif\"><img loading=\"lazy\" decoding=\"async\" class=\"alignnone size-medium wp-image-3629\" alt=\"Scandinavia_1658\" src=\"wp-content\/uploads\/2013\/07\/Scandinavia_1658-256x300.gif\" width=\"256\" height=\"300\" srcset=\"https:\/\/ancestry.smars.se\/wp-content\/uploads\/2013\/07\/Scandinavia_1658-256x300.gif 256w, https:\/\/ancestry.smars.se\/wp-content\/uploads\/2013\/07\/Scandinavia_1658-875x1024.gif 875w\" sizes=\"(max-width: 256px) 100vw, 256px\" \/><\/a> This was followed by a hard time for the reluctant danish people of Sk\u00e5ne, who were forced to learn Swedish, or they would lose their benefits- a very efficient way of &#8216;Swedenize&#8217; the region. Carl X Gustav died though in pneumonia only 37 years \u00a0old, 1660, \u00a0leaving his son Carl XI, 4 years old &#8211; to a regency led by, above all, Magnus de la Gardie who had married Carl X:s sister. <a href=\"wp-content\/uploads\/2013\/07\/Magnus-de-la-Gardie.jpg\"><img loading=\"lazy\" decoding=\"async\" class=\"alignnone size-thumbnail wp-image-3630\" title=\"Magnus de la Gardie and Carl X sister- his wife\" alt=\"\" src=\"wp-content\/uploads\/2013\/07\/Magnus-de-la-Gardie-150x150.jpg\" width=\"150\" height=\"150\" \/><\/a> He was not interested in continuing wars and spent the state money more on cultural development as renovating and developing beautiful castles. He was a very mighty and rich man but spent enormous amounts on the little powerful noblemens interest.<\/p>\n<p><img loading=\"lazy\" decoding=\"async\" class=\"alignnone size-thumbnail wp-image-3632\" style=\"color: #333333; font-style: normal;\" title=\"Carl XI- seen at our Swedish 500Crowns-bill\" alt=\"karlXI-730x420 (1)\" src=\"wp-content\/uploads\/2013\/07\/karlXI-730x420-1-150x150.jpg\" width=\"150\" height=\"150\" \/> By the time\u00a0Carl XI (1655-97) became 18 years old- 1875- and was crowned, the state savings were very spare.Carl himself was trained to become a king but was not very interested in the politics. He was dyslexic and withdrawn and he started to be questioned by the rulers if he ever would suit to be a good king. The summer of 1776 the Danes attacks Sweden by Sk\u00e5ne to take it back. The young Carl XI &#8211; 21 years old- is abandoned by Magnus de la Gardie, but instead supported by one of Magnus younger critiques Johan Gyllenstierna. They gather an army of 8000 men and meet the Danish king and his brother in law: Christian V &#8211; in the battle of Lund 1876. 9000 soldiers die- being one of the bloodiest wars in world history<\/p>\n<p><a href=\"wp-content\/uploads\/2013\/07\/Charles_XI_Battle_of_Lund1.jpg\"><img loading=\"lazy\" decoding=\"async\" class=\"alignnone size-thumbnail wp-image-3644\" title=\"Carl XI  in the Battle of Lund 4 Dec 1776\" alt=\"\" src=\"wp-content\/uploads\/2013\/07\/Charles_XI_Battle_of_Lund1-150x150.jpg\" width=\"150\" height=\"150\" \/><\/a>\u00a0It is frozen in the middle of the winter so they cannot bury the bodies until the spring comes. Then they are buried in massgraves where they still are. \u00a0Sweden is the winner of the war, but the prize is high. Carl the XI gets a terrible experience from this war, loosing so many men and seeing the terror of it and this makes him try to avoid all kinds of war after this. But he has to make up with the opposing &#8216;swedish danes&#8217; in Sk\u00e5ne. A group called Snapphanarna are led as an opposition by Sven Poulsen and he has organized guerilla groups, taken from all kinds of people in the southern parts of Sm\u00e5land and Sk\u00e5ne and the Danish wars will continue but Carl XI will put much effort and thought into curbing this opposition.<\/p>\n<p>Jonas was fighting in these wars and dies in \u00a0V\u00e4stra <a href=\"https:\/\/www.google.com\/maps\/ms?msid=202734398850949442153.0004d3448268161a5bfb1&amp;msa=0&amp;ll=56.433933,12.904129&amp;spn=0.059984,0.154324\" target=\"_blank\">Hemmesl\u00f6v<\/a>, or &#8230;&#8230;&#8230;.. \u00d6stra S\u00f6nnersl\u00f6v, (??)- &#8230;&#8230;&#8230;&#8230;&#8230;&#8230;&#8230;&#8230;.Sk\u00e5ne, Dec 8 1678.<\/p>\n<p><a href=\"wp-content\/uploads\/2013\/07\/250px-Snapphanen_av_Axel_Ebbe-1-1.jpg\"><img loading=\"lazy\" decoding=\"async\" class=\"alignnone size-thumbnail wp-image-3649\" title=\"Snapphane \" alt=\"250px-Snapphanen_av_Axel_Ebbe-1 (1)\" src=\"wp-content\/uploads\/2013\/07\/250px-Snapphanen_av_Axel_Ebbe-1-1-150x150.jpg\" width=\"150\" height=\"150\" \/><\/a><\/p>\n<p>This is also the turn for the noblemen, and the king forces them to give back all the castles and riches to the state. (The Reduction) Magnus de la Gardies wealth is reduced from many many castles and mansions to one castle and he looses all his power. He is buried in Varnhems monestary church.<\/p>\n<p>After Jonas Rooths death there is a thourough organization made by Carl XI, among the soldiers \u00a0as they recieve a piece of land for their families each at a farmers land and the farmers have to follow certain distinguished rules for them so they will survive. On the other hand the farmers dont have to fight and the people may now live in peace. This becomes a smart peace-creating solution and \u00a0it is so well organized and well-liked reform, so it lasts for 200 years. (1682-1901)<\/p>\n<p>&nbsp;<\/p>\n<p><a href=\"wp-content\/uploads\/2013\/07\/Bl\u00e5kulla.jpg\"><img loading=\"lazy\" decoding=\"async\" class=\"alignnone size-thumbnail wp-image-3634\" title=\"People were accused of stealing children and bringing them to Bl\u00e5kulla\" alt=\"Bl\u00e5kulla\" src=\"wp-content\/uploads\/2013\/07\/Bl\u00e5kulla-150x150.jpg\" width=\"150\" height=\"150\" \/><\/a><a href=\"wp-content\/uploads\/2013\/07\/H\u00e4xprocess.jpg\"><img loading=\"lazy\" decoding=\"async\" class=\"alignnone size-thumbnail wp-image-3635\" alt=\"H\u00e4xprocess\" src=\"wp-content\/uploads\/2013\/07\/H\u00e4xprocess-150x150.jpg\" width=\"150\" height=\"150\" \/><\/a><\/p>\n<p>THE COMMON peoples atmosphere:<\/p>\n<p>During this time the common people were very poor and many people were starving. The gap between the rich and the poor was never as wide as during this time. The church was string and preached strict messages about the devil and hell. People felt constricted and it was often combinated with superstition. Witchcraft was suspected in many places and 100s of people were executed, being accused of being in abundance with the devil. The witch trials were at its peak in history (1668-76) It was a mass psychosis without equal. People were drowned, burned, tortured and beheaded. It is Swedens largest mass execution in time of peace supported by the law. The law of punishment for witchcraft was abandoned 1779. <a href=\"wp-content\/uploads\/2013\/07\/4uidhaxa_165234411.jpg\"><img loading=\"lazy\" decoding=\"async\" class=\"alignnone size-thumbnail wp-image-3642\" alt=\"4uidhaxa_165234411\" src=\"wp-content\/uploads\/2013\/07\/4uidhaxa_165234411-150x150.jpg\" width=\"150\" height=\"150\" \/><\/a><\/p>\n<p>Jonas Rooth was married to Annika Olofsdotter (1635-1700) who was the daughter of the priest Korp and they had 4 children: Anna* 1664-1756, Anders (Andreas) 1673-1743, Johan 1672- and Nils <strong>Rooth*<\/strong> d y 25\/3 1669 &#8211; 27\/10 1722: See special history below!<\/p>\n<p>Jonas was ennobled as he came home from the wars and got the farm<a href=\"https:\/\/maps.google.com\/maps\/ms?msid=202734398850949442153.0004d3448268161a5bfb1&amp;msa=0&amp;ll=57.98441,14.600444&amp;spn=0.007747,0.01929&amp;iwloc=0004eaf4a06ab1f073132\" target=\"_blank\"> Elmberg\/\u00c4lmeberg <\/a>in Vireda parish\u00a0as a gift from the state.<\/p>\n<p>Jonas Rooths father was Nils Nilsson, a farmer &#8211; diseased 1651. He was probably married to Sigrid H\u00e5kansdotter. They had 3 sons who went into the army- not unexpected during this time of the Swedish European wars. Sigrid was the daughter of H\u00e5kan Ingmarson, who was son of Ingmar Jonsson, who was son of Jon Nilsson 1542.<\/p>\n<p>&nbsp;<\/p>\n<p><a href=\"https:\/\/maps.google.com\/maps\/ms?msid=202734398850949442153.0004d3448268161a5bfb1&amp;msa=0&amp;ll=63.233627,-9.84375&amp;spn=49.963062,158.027344&amp;iwloc=0004d3a538c2123ac92b1\" target=\"_blank\">VIREDA CHURCH<\/a> with the Arms of the<strong> Rooth<\/strong>s*- see text by pointing at the pictures:<\/p>\n<p><a href=\"wp-content\/uploads\/2013\/07\/Sommar2013-sl\u00e4kttr\u00e4ff-mm-258.jpg\"><img loading=\"lazy\" decoding=\"async\" class=\"alignnone size-medium wp-image-3371\" title=\"The arms of Jonas Rooth - the Cornett born abt 1630 - 1678 in the Danish war. Buried in Vireda 12 Jan 1679\" alt=\"Sommar2013-sl\u00e4kttr\u00e4ff mm 258\" src=\"wp-content\/uploads\/2013\/07\/Sommar2013-sl\u00e4kttr\u00e4ff-mm-258-199x300.jpg\" width=\"199\" height=\"300\" srcset=\"https:\/\/ancestry.smars.se\/wp-content\/uploads\/2013\/07\/Sommar2013-sl\u00e4kttr\u00e4ff-mm-258-199x300.jpg 199w, https:\/\/ancestry.smars.se\/wp-content\/uploads\/2013\/07\/Sommar2013-sl\u00e4kttr\u00e4ff-mm-258-680x1024.jpg 680w, https:\/\/ancestry.smars.se\/wp-content\/uploads\/2013\/07\/Sommar2013-sl\u00e4kttr\u00e4ff-mm-258.jpg 2000w\" sizes=\"(max-width: 199px) 100vw, 199px\" \/><\/a><a href=\"wp-content\/uploads\/2013\/07\/Sommar2013-sl\u00e4kttr\u00e4ff-mm-257.jpg\"><img loading=\"lazy\" decoding=\"async\" class=\"alignnone size-medium wp-image-3372\" alt=\"Sommar2013-sl\u00e4kttr\u00e4ff mm 257\" src=\"wp-content\/uploads\/2013\/07\/Sommar2013-sl\u00e4kttr\u00e4ff-mm-257-300x199.jpg\" width=\"300\" height=\"199\" srcset=\"https:\/\/ancestry.smars.se\/wp-content\/uploads\/2013\/07\/Sommar2013-sl\u00e4kttr\u00e4ff-mm-257-300x199.jpg 300w, https:\/\/ancestry.smars.se\/wp-content\/uploads\/2013\/07\/Sommar2013-sl\u00e4kttr\u00e4ff-mm-257-1024x680.jpg 1024w, https:\/\/ancestry.smars.se\/wp-content\/uploads\/2013\/07\/Sommar2013-sl\u00e4kttr\u00e4ff-mm-257-451x300.jpg 451w\" sizes=\"(max-width: 300px) 100vw, 300px\" \/><\/a> <a href=\"wp-content\/uploads\/2013\/07\/Sommar2013-sl\u00e4kttr\u00e4ff-mm-259.jpg\"><img loading=\"lazy\" decoding=\"async\" class=\"alignnone size-medium wp-image-3373\" title=\"Nils Rooth- the younger- his Arms in Vireda Church. Nils Rooth the younger. He became a captain an was on duty from 1694. He stayed for a few years in Ystad whereafter he took part in the big Nordic war. He took part in the wars of Karl XII for 13 years and was along in Poland 1709 at the battle of Poltava. Some time after this he became a war prisoner and transported to Tobolsk- 500km east of Moscow. He was later released and came back to Vireda in May 1722. As the policy was he was offered knighthood by queen Kristina. As he came home he rode into his childhoods Vireda church on the same horse he had gone to war with. The horse bent his back knees in front of the altar. Only he discovered that his wife had remarried while he was gone... In Octobre 1722 - the same year- he drowned in the nearby Lake \u00d6ren...\" alt=\"Sommar2013-sl\u00e4kttr\u00e4ff mm 259\" src=\"wp-content\/uploads\/2013\/07\/Sommar2013-sl\u00e4kttr\u00e4ff-mm-259-199x300.jpg\" width=\"199\" height=\"300\" srcset=\"https:\/\/ancestry.smars.se\/wp-content\/uploads\/2013\/07\/Sommar2013-sl\u00e4kttr\u00e4ff-mm-259-199x300.jpg 199w, https:\/\/ancestry.smars.se\/wp-content\/uploads\/2013\/07\/Sommar2013-sl\u00e4kttr\u00e4ff-mm-259-680x1024.jpg 680w, https:\/\/ancestry.smars.se\/wp-content\/uploads\/2013\/07\/Sommar2013-sl\u00e4kttr\u00e4ff-mm-259.jpg 2000w\" sizes=\"(max-width: 199px) 100vw, 199px\" \/><\/a><a href=\"wp-content\/uploads\/2013\/07\/Sommar2013-sl\u00e4kttr\u00e4ff-mm-269.jpg\"><img loading=\"lazy\" decoding=\"async\" class=\"alignnone size-medium wp-image-3376\" title=\"Vireda church\" alt=\"Sommar2013-sl\u00e4kttr\u00e4ff mm 269\" src=\"wp-content\/uploads\/2013\/07\/Sommar2013-sl\u00e4kttr\u00e4ff-mm-269-199x300.jpg\" width=\"199\" height=\"300\" srcset=\"https:\/\/ancestry.smars.se\/wp-content\/uploads\/2013\/07\/Sommar2013-sl\u00e4kttr\u00e4ff-mm-269-199x300.jpg 199w, https:\/\/ancestry.smars.se\/wp-content\/uploads\/2013\/07\/Sommar2013-sl\u00e4kttr\u00e4ff-mm-269-680x1024.jpg 680w, https:\/\/ancestry.smars.se\/wp-content\/uploads\/2013\/07\/Sommar2013-sl\u00e4kttr\u00e4ff-mm-269.jpg 2000w\" sizes=\"(max-width: 199px) 100vw, 199px\" \/><\/a><a href=\"wp-content\/uploads\/2013\/07\/DSC01257.jpg\"><img loading=\"lazy\" decoding=\"async\" class=\"alignnone size-medium wp-image-3624\" alt=\"DSC01257\" src=\"wp-content\/uploads\/2013\/07\/DSC01257-210x300.jpg\" width=\"210\" height=\"300\" srcset=\"https:\/\/ancestry.smars.se\/wp-content\/uploads\/2013\/07\/DSC01257-210x300.jpg 210w, https:\/\/ancestry.smars.se\/wp-content\/uploads\/2013\/07\/DSC01257.jpg 284w\" sizes=\"(max-width: 210px) 100vw, 210px\" \/><\/a><a href=\"wp-content\/uploads\/2013\/07\/DSC01242-1.jpg\"><img loading=\"lazy\" decoding=\"async\" class=\"alignnone size-medium wp-image-3626\" alt=\"DSC01242 (1)\" src=\"wp-content\/uploads\/2013\/07\/DSC01242-1-220x300.jpg\" width=\"220\" height=\"300\" srcset=\"https:\/\/ancestry.smars.se\/wp-content\/uploads\/2013\/07\/DSC01242-1-220x300.jpg 220w, https:\/\/ancestry.smars.se\/wp-content\/uploads\/2013\/07\/DSC01242-1.jpg 353w\" sizes=\"(max-width: 220px) 100vw, 220px\" \/><\/a><a href=\"wp-content\/uploads\/2013\/07\/DSC01243.jpg\"><img loading=\"lazy\" decoding=\"async\" class=\"alignnone size-full wp-image-3625\" alt=\"DSC01243\" src=\"wp-content\/uploads\/2013\/07\/DSC01243.jpg\" width=\"640\" height=\"260\" srcset=\"https:\/\/ancestry.smars.se\/wp-content\/uploads\/2013\/07\/DSC01243.jpg 640w, https:\/\/ancestry.smars.se\/wp-content\/uploads\/2013\/07\/DSC01243-300x121.jpg 300w, https:\/\/ancestry.smars.se\/wp-content\/uploads\/2013\/07\/DSC01243-500x203.jpg 500w\" sizes=\"(max-width: 640px) 100vw, 640px\" \/><\/a><\/p>\n","protected":false},"excerpt":{"rendered":"<p>Picture above: Vireda parish village where the old little cottage to the right is very old and most certainly was visited by Sofias ancestors through the years. Sofias Mother: Stina Lisa Carlsdotter (20 Sept 1811-1897)- Sofias father:\u00a0Johan Samuelsson S\u00f6t\u00e5sa Norrg\u00e5rd\u00a0(29\/9 &hellip; <a href=\"https:\/\/ancestry.smars.se\/?p=3369\">Continue reading <span class=\"meta-nav\">&rarr;<\/span><\/a><\/p>\n","protected":false},"author":1,"featured_media":3377,"comment_status":"open","ping_status":"open","sticky":false,"template":"","format":"standard","meta":{"footnotes":""},"categories":[1],"tags":[],"class_list":["post-3369","post","type-post","status-publish","format-standard","has-post-thumbnail","hentry","category-okategoriserade"],"_links":{"self":[{"href":"https:\/\/ancestry.smars.se\/index.php?rest_route=\/wp\/v2\/posts\/3369"}],"collection":[{"href":"https:\/\/ancestry.smars.se\/index.php?rest_route=\/wp\/v2\/posts"}],"about":[{"href":"https:\/\/ancestry.smars.se\/index.php?rest_route=\/wp\/v2\/types\/post"}],"author":[{"embeddable":true,"href":"https:\/\/ancestry.smars.se\/index.php?rest_route=\/wp\/v2\/users\/1"}],"replies":[{"embeddable":true,"href":"https:\/\/ancestry.smars.se\/index.php?rest_route=%2Fwp%2Fv2%2Fcomments&post=3369"}],"version-history":[{"count":70,"href":"https:\/\/ancestry.smars.se\/index.php?rest_route=\/wp\/v2\/posts\/3369\/revisions"}],"predecessor-version":[{"id":4119,"href":"https:\/\/ancestry.smars.se\/index.php?rest_route=\/wp\/v2\/posts\/3369\/revisions\/4119"}],"wp:featuredmedia":[{"embeddable":true,"href":"https:\/\/ancestry.smars.se\/index.php?rest_route=\/wp\/v2\/media\/3377"}],"wp:attachment":[{"href":"https:\/\/ancestry.smars.se\/index.php?rest_route=%2Fwp%2Fv2%2Fmedia&parent=3369"}],"wp:term":[{"taxonomy":"category","embeddable":true,"href":"https:\/\/ancestry.smars.se\/index.php?rest_route=%2Fwp%2Fv2%2Fcategories&post=3369"},{"taxonomy":"post_tag","embeddable":true,"href":"https:\/\/ancestry.smars.se\/index.php?rest_route=%2Fwp%2Fv2%2Ftags&post=3369"}],"curies":[{"name":"wp","href":"https:\/\/api.w.org\/{rel}","templated":true}]}}